{"id":111,"date":"2017-04-30T15:27:42","date_gmt":"2017-04-30T15:27:42","guid":{"rendered":"http:\/\/www.eurokeramia.hu\/?p=111"},"modified":"2017-04-30T15:40:58","modified_gmt":"2017-04-30T15:40:58","slug":"szivunk-csucske-a-terasz","status":"publish","type":"post","link":"https:\/\/www.eurokeramia.hu\/index.php\/2017\/04\/30\/szivunk-csucske-a-terasz\/","title":{"rendered":"Sziv\u00fcnk cs\u00fccske, a terasz"},"content":{"rendered":"<p>A kerti burkolatok k\u00fcl\u00f6n\u00f6s gondoss\u00e1got ig\u00e9nyelnek.<\/p>\n<p>A sz\u00e9p kert egyik \u00e9ke a term\u00e9szetbe ill\u0151 burkolat. Fontos hogy sz\u00edn\u00e9vel harm\u00f3ni\u00e1ba ker\u00fclj\u00f6n a term\u00e9szettel, n\u00f6v\u00e9nyeinkkel. Ez persze nem z\u00e1rja ki annak a lehet\u0151s\u00e9g\u00e9t, hogy sz\u00ednes burkolatunk legyen. B\u00e1tran b\u00e1nhatunk a sz\u00ednekkel, ha a kert \u00f6sszhangja megengedi, de ugyanolyan hangs\u00falyos lehet, ha egysz\u00edn\u0171 visszafogott burkolatot v\u00e1lasztunk. Azonban a legfontosabb, hogy j\u00f3l \u00e9rezz\u00fck magunkat kert\u00fcnkben, \u00e9lvezz\u00fck a l\u00e1tv\u00e1ny\u00e1t, energi\u00e1j\u00e1t, legyen sz\u00f3 elvonul\u00f3s mened\u00e9khelyr\u0151l , vagy akt\u00edv tev\u00e9kenys\u00e9gi helysz\u00ednr\u0151l.<br \/>\nAlapvet\u0151 dolog, hogy lerak\u00e1s sor\u00e1n 1-2%-os lejt\u00e9s\u00fck legyen a csapad\u00e9kv\u00edz elvezet\u00e9se c\u00e9lj\u00e1b\u00f3l. Term\u00e9szetesen csak fagy\u00e1ll\u00f3 lapokat haszn\u00e1lhatunk, hiszen kiz\u00e1r\u00f3lag ezek b\u00edrj\u00e1k a t\u00e9li h\u00f3napok fagypont alatti h\u0151m\u00e9rs\u00e9klet\u00e9t.<br \/>\nDe mit is jelent az, hogy fagy\u00e1ll\u00f3 egy lap? \u2013 l\u00e1sd honlapunkon a Term\u00e9kek f\u00fcl alatt a Term\u00e9kismertet\u0151-ben.<br \/>\nUgyanitt tal\u00e1lhat\u00f3ak lerak\u00e1si \u00f6tletek k\u00fcl\u00f6nb\u00f6z\u0151 m\u00e9ret\u0171, illetve t\u00f6bb m\u00e9rettel rendelkez\u0151 padl\u00f3lap csal\u00e1dok eset\u00e9ben. A k\u00e9pen l\u00e1that\u00f3 Restauri csal\u00e1d t\u00f6bb sz\u00edn\u00e1rnyalata\/k\u00e9pen Porpora\/ szem\u00e9lyesen is megtekinthet\u0151 \u00e1ruh\u00e1zunkban.<\/p>\n<div class=\"tiled-gallery type-rectangular tiled-gallery-unresized\" data-original-width=\"525\" data-carousel-extra='null' itemscope itemtype=\"http:\/\/schema.org\/ImageGallery\" > <div class=\"gallery-row\" style=\"width: 525px; height: 235px;\" data-original-width=\"525\" data-original-height=\"235\" > <div class=\"gallery-group images-1\" style=\"width: 349px; height: 235px;\" data-original-width=\"349\" data-original-height=\"235\" > <div class=\"tiled-gallery-item tiled-gallery-item-large\" itemprop=\"associatedMedia\" itemscope itemtype=\"http:\/\/schema.org\/ImageObject\"> <a href=\"https:\/\/i0.wp.com\/www.eurokeramia.hu\/wp-content\/uploads\/2017\/04\/terasz.jpg?ssl=1\" border=\"0\" itemprop=\"url\"> <meta itemprop=\"width\" content=\"345\"> <meta itemprop=\"height\" content=\"231\"> <img decoding=\"async\" class=\"\" data-attachment-id=\"115\" data-orig-file=\"https:\/\/www.eurokeramia.hu\/wp-content\/uploads\/2017\/04\/terasz.jpg\" data-orig-size=\"200,134\" data-comments-opened=\"1\" data-image-meta=\"{&quot;aperture&quot;:&quot;0&quot;,&quot;credit&quot;:&quot;\\u00a9 Michael Boys\\\/CORBIS&quot;,&quot;camera&quot;:&quot;&quot;,&quot;caption&quot;:&quot;ca. 1960-1994 --- A large Spanish home with a large swimming pool in the garden. Sunbeds lie on the poolside patio. --- Image by \\u00a9 Michael Boys\\\/CORBIS&quot;,&quot;created_timestamp&quot;:&quot;0&quot;,&quot;copyright&quot;:&quot;\\u00a9 Corbis. All Rights Reserved.&quot;,&quot;focal_length&quot;:&quot;0&quot;,&quot;iso&quot;:&quot;0&quot;,&quot;shutter_speed&quot;:&quot;0&quot;,&quot;title&quot;:&quot;Spanish Home&quot;,&quot;orientation&quot;:&quot;0&quot;}\" data-image-title=\"Spanish Home\" data-image-description=\"\" data-medium-file=\"https:\/\/i0.wp.com\/www.eurokeramia.hu\/wp-content\/uploads\/2017\/04\/terasz.jpg?fit=200%2C134&#038;ssl=1\" data-large-file=\"https:\/\/i0.wp.com\/www.eurokeramia.hu\/wp-content\/uploads\/2017\/04\/terasz.jpg?fit=200%2C134&#038;ssl=1\" src=\"https:\/\/i0.wp.com\/www.eurokeramia.hu\/wp-content\/uploads\/2017\/04\/terasz.jpg?w=345&#038;h=231&#038;ssl=1\" width=\"345\" height=\"231\" loading=\"lazy\" data-original-width=\"345\" data-original-height=\"231\" itemprop=\"http:\/\/schema.org\/image\" title=\"Spanish Home\" alt=\"Spanish Home\" style=\"width: 345px; height: 231px;\" \/> <\/a> <\/div> <\/div> <!-- close group --> <div class=\"gallery-group images-2\" style=\"width: 176px; height: 235px;\" data-original-width=\"176\" data-original-height=\"235\" > <div class=\"tiled-gallery-item tiled-gallery-item-small\" itemprop=\"associatedMedia\" itemscope itemtype=\"http:\/\/schema.org\/ImageObject\"> <a href=\"https:\/\/i0.wp.com\/www.eurokeramia.hu\/wp-content\/uploads\/2017\/04\/m061.jpg?ssl=1\" border=\"0\" itemprop=\"url\"> <meta itemprop=\"width\" content=\"172\"> <meta itemprop=\"height\" content=\"114\"> <img decoding=\"async\" class=\"\" data-attachment-id=\"113\" data-orig-file=\"https:\/\/www.eurokeramia.hu\/wp-content\/uploads\/2017\/04\/m061.jpg\" data-orig-size=\"120,79\" data-comments-opened=\"1\" data-image-meta=\"{&quot;aperture&quot;:&quot;0&quot;,&quot;credit&quot;:&quot;CSEMPE PADLOLAP JAROLAP BURKOLOL&quot;,&quot;camera&quot;:&quot;&quot;,&quot;caption&quot;:&quot;CSEMPE CSEMP\\u00c9K PADL\\u00d3LAP PADL\\u00d3LAPOK J\\u00c1R\\u00d3LAP J\\u00c1R\\u00d3LAPOK BURKOL\\u00d3LAP BURKOL\\u00d3LAPOK BURKOLAT BURKOLATOK LAMIN\\u00c1LT PARKETTA PARKETT\\u00c1K SZALAGPARKETTA SZALAGPARKETT\\u00c1K LAMIN\\u00c1LTPARKETTA LAMIN\\u00c1LTPARKETT\\u00c1K F\\u00dcRD\\u00d5SZOBA \\u00dcVEGT\\u00c9GLA \\u00dcVEGT\\u00c9GL\\u00c1K ZUHANYKABIN ZUHANYKABINOK MASSZ\\u00c1ZSK\\u00c1D MASSZ\\u00c1ZSK\\u00c1DAK MASSZ\\u00c1ZSKABIN MASSZ\\u00c1ZSKABINOK CSAPTELEP CSAPTELEPEK ACRYL AKRIL MASSZ\\u00c1ZS K\\u00c1D K\\u00c1DAK GRESLAP GRES LAP&quot;,&quot;created_timestamp&quot;:&quot;4598025338&quot;,&quot;copyright&quot;:&quot;CSEMPE PADLOLAP JAROLAP BURKOLOLAP BURKOLAT&quot;,&quot;focal_length&quot;:&quot;0&quot;,&quot;iso&quot;:&quot;0&quot;,&quot;shutter_speed&quot;:&quot;0&quot;,&quot;title&quot;:&quot;CSEMPE PADL\\u00d3LAP J\\u00c1R\\u00d3LAP BURKOL\\u00d3LAP BURKOLAT&quot;,&quot;orientation&quot;:&quot;0&quot;}\" data-image-title=\"CSEMPE PADL\u00d3LAP J\u00c1R\u00d3LAP BURKOL\u00d3LAP BURKOLAT\" data-image-description=\"\" data-medium-file=\"https:\/\/i0.wp.com\/www.eurokeramia.hu\/wp-content\/uploads\/2017\/04\/m061.jpg?fit=120%2C79&#038;ssl=1\" data-large-file=\"https:\/\/i0.wp.com\/www.eurokeramia.hu\/wp-content\/uploads\/2017\/04\/m061.jpg?fit=120%2C79&#038;ssl=1\" src=\"https:\/\/i0.wp.com\/www.eurokeramia.hu\/wp-content\/uploads\/2017\/04\/m061.jpg?w=172&#038;h=114&#038;ssl=1\" width=\"172\" height=\"114\" loading=\"lazy\" data-original-width=\"172\" data-original-height=\"114\" itemprop=\"http:\/\/schema.org\/image\" title=\"CSEMPE PADL\u00d3LAP J\u00c1R\u00d3LAP BURKOL\u00d3LAP BURKOLAT\" alt=\"CSEMPE PADL\u00d3LAP J\u00c1R\u00d3LAP BURKOL\u00d3LAP BURKOLAT\" style=\"width: 172px; height: 114px;\" \/> <\/a> <\/div> <div class=\"tiled-gallery-item tiled-gallery-item-small\" itemprop=\"associatedMedia\" itemscope itemtype=\"http:\/\/schema.org\/ImageObject\"> <a href=\"https:\/\/i0.wp.com\/www.eurokeramia.hu\/wp-content\/uploads\/2017\/04\/m071.jpg?ssl=1\" border=\"0\" itemprop=\"url\"> <meta itemprop=\"width\" content=\"172\"> <meta itemprop=\"height\" content=\"113\"> <img decoding=\"async\" class=\"\" data-attachment-id=\"114\" data-orig-file=\"https:\/\/www.eurokeramia.hu\/wp-content\/uploads\/2017\/04\/m071.jpg\" data-orig-size=\"120,79\" data-comments-opened=\"1\" data-image-meta=\"{&quot;aperture&quot;:&quot;0&quot;,&quot;credit&quot;:&quot;CSEMPE PADLOLAP JAROLAP BURKOLOL&quot;,&quot;camera&quot;:&quot;&quot;,&quot;caption&quot;:&quot;CSEMPE CSEMP\\u00c9K PADL\\u00d3LAP PADL\\u00d3LAPOK J\\u00c1R\\u00d3LAP J\\u00c1R\\u00d3LAPOK BURKOL\\u00d3LAP BURKOL\\u00d3LAPOK BURKOLAT BURKOLATOK LAMIN\\u00c1LT PARKETTA PARKETT\\u00c1K SZALAGPARKETTA SZALAGPARKETT\\u00c1K LAMIN\\u00c1LTPARKETTA LAMIN\\u00c1LTPARKETT\\u00c1K F\\u00dcRD\\u00d5SZOBA \\u00dcVEGT\\u00c9GLA \\u00dcVEGT\\u00c9GL\\u00c1K ZUHANYKABIN ZUHANYKABINOK MASSZ\\u00c1ZSK\\u00c1D MASSZ\\u00c1ZSK\\u00c1DAK MASSZ\\u00c1ZSKABIN MASSZ\\u00c1ZSKABINOK CSAPTELEP CSAPTELEPEK ACRYL AKRIL MASSZ\\u00c1ZS K\\u00c1D K\\u00c1DAK GRESLAP GRES LAP&quot;,&quot;created_timestamp&quot;:&quot;4598025338&quot;,&quot;copyright&quot;:&quot;CSEMPE PADLOLAP JAROLAP BURKOLOLAP BURKOLAT&quot;,&quot;focal_length&quot;:&quot;0&quot;,&quot;iso&quot;:&quot;0&quot;,&quot;shutter_speed&quot;:&quot;0&quot;,&quot;title&quot;:&quot;CSEMPE PADL\\u00d3LAP J\\u00c1R\\u00d3LAP BURKOL\\u00d3LAP BURKOLAT&quot;,&quot;orientation&quot;:&quot;0&quot;}\" data-image-title=\"CSEMPE PADL\u00d3LAP J\u00c1R\u00d3LAP BURKOL\u00d3LAP BURKOLAT\" data-image-description=\"\" data-medium-file=\"https:\/\/i0.wp.com\/www.eurokeramia.hu\/wp-content\/uploads\/2017\/04\/m071.jpg?fit=120%2C79&#038;ssl=1\" data-large-file=\"https:\/\/i0.wp.com\/www.eurokeramia.hu\/wp-content\/uploads\/2017\/04\/m071.jpg?fit=120%2C79&#038;ssl=1\" src=\"https:\/\/i0.wp.com\/www.eurokeramia.hu\/wp-content\/uploads\/2017\/04\/m071.jpg?w=172&#038;h=113&#038;ssl=1\" width=\"172\" height=\"113\" loading=\"lazy\" data-original-width=\"172\" data-original-height=\"113\" itemprop=\"http:\/\/schema.org\/image\" title=\"CSEMPE PADL\u00d3LAP J\u00c1R\u00d3LAP BURKOL\u00d3LAP BURKOLAT\" alt=\"CSEMPE PADL\u00d3LAP J\u00c1R\u00d3LAP BURKOL\u00d3LAP BURKOLAT\" style=\"width: 172px; height: 113px;\" \/> <\/a> <\/div> <\/div> <!-- close group --> <\/div> <!-- close row --> <\/div>\n","protected":false},"excerpt":{"rendered":"<p>A kerti burkolatok k\u00fcl\u00f6n\u00f6s gondoss\u00e1got ig\u00e9nyelnek. A sz\u00e9p kert egyik \u00e9ke a term\u00e9szetbe ill\u0151 burkolat. Fontos hogy sz\u00edn\u00e9vel harm\u00f3ni\u00e1ba ker\u00fclj\u00f6n a term\u00e9szettel, n\u00f6v\u00e9nyeinkkel. Ez persze nem z\u00e1rja ki annak a lehet\u0151s\u00e9g\u00e9t, hogy sz\u00ednes burkolatunk legyen. B\u00e1tran b\u00e1nhatunk a sz\u00ednekkel, ha a kert \u00f6sszhangja megengedi, de ugyanolyan hangs\u00falyos lehet, ha egysz\u00edn\u0171 visszafogott burkolatot v\u00e1lasztunk. Azonban a &hellip; <\/p>\n<p class=\"link-more\"><a href=\"https:\/\/www.eurokeramia.hu\/index.php\/2017\/04\/30\/szivunk-csucske-a-terasz\/\" class=\"more-link\"><span class=\"screen-reader-text\">&#8222;Sziv\u00fcnk cs\u00fccske, a terasz&#8221;<\/span> b\u0151vebben<\/a><\/p>\n","protected":false},"author":1,"featured_media":0,"comment_status":"open","ping_status":"open","sticky":false,"template":"","format":"standard","meta":{"jetpack_post_was_ever_published":false,"_jetpack_newsletter_access":"","_jetpack_dont_email_post_to_subs":false,"_jetpack_newsletter_tier_id":0,"_jetpack_memberships_contains_paywalled_content":false,"footnotes":"","_jetpack_memberships_contains_paid_content":false,"jetpack_publicize_message":"","jetpack_publicize_feature_enabled":true,"jetpack_social_post_already_shared":false,"jetpack_social_options":{"image_generator_settings":{"template":"highway","enabled":false},"version":2}},"categories":[4],"tags":[],"jetpack_publicize_connections":[],"jetpack_featured_media_url":"","jetpack_sharing_enabled":true,"jetpack_shortlink":"https:\/\/wp.me\/p9XEfX-1N","_links":{"self":[{"href":"https:\/\/www.eurokeramia.hu\/index.php\/wp-json\/wp\/v2\/posts\/111"}],"collection":[{"href":"https:\/\/www.eurokeramia.hu\/index.php\/wp-json\/wp\/v2\/posts"}],"about":[{"href":"https:\/\/www.eurokeramia.hu\/index.php\/wp-json\/wp\/v2\/types\/post"}],"author":[{"embeddable":true,"href":"https:\/\/www.eurokeramia.hu\/index.php\/wp-json\/wp\/v2\/users\/1"}],"replies":[{"embeddable":true,"href":"https:\/\/www.eurokeramia.hu\/index.php\/wp-json\/wp\/v2\/comments?post=111"}],"version-history":[{"count":3,"href":"https:\/\/www.eurokeramia.hu\/index.php\/wp-json\/wp\/v2\/posts\/111\/revisions"}],"predecessor-version":[{"id":117,"href":"https:\/\/www.eurokeramia.hu\/index.php\/wp-json\/wp\/v2\/posts\/111\/revisions\/117"}],"wp:attachment":[{"href":"https:\/\/www.eurokeramia.hu\/index.php\/wp-json\/wp\/v2\/media?parent=111"}],"wp:term":[{"taxonomy":"category","embeddable":true,"href":"https:\/\/www.eurokeramia.hu\/index.php\/wp-json\/wp\/v2\/categories?post=111"},{"taxonomy":"post_tag","embeddable":true,"href":"https:\/\/www.eurokeramia.hu\/index.php\/wp-json\/wp\/v2\/tags?post=111"}],"curies":[{"name":"wp","href":"https:\/\/api.w.org\/{rel}","templated":true}]}}